{"id":3932,"date":"2026-09-04T06:00:00","date_gmt":"2026-09-04T04:00:00","guid":{"rendered":"https:\/\/cieib.es\/?p=3932"},"modified":"2026-08-18T13:59:37","modified_gmt":"2026-08-18T11:59:37","slug":"tal-dia-com-avui-68","status":"publish","type":"post","link":"https:\/\/cieib.es\/?p=3932","title":{"rendered":"Magnicidi i esport: el vestit de neopr\u00e8 enverinat de Fidel Castro"},"content":{"rendered":"\n<p class=\"wp-block-paragraph\">La hist\u00f2ria de la <strong>Guerra Freda<\/strong> est\u00e0 plena d&#8217;episodis que semblen extrets directament d&#8217;una <strong>novel\u00b7la d&#8217;espionatge<\/strong>, i la figura de <strong>Fidel Castro<\/strong> n&#8217;\u00e9s, sense cap mena de dubte, un dels <strong>protagonistes <\/strong>indiscutibles. Es calcula que els <strong>serveis d&#8217;intel\u00b7lig\u00e8ncia nord-americans<\/strong> i diversos grups de l&#8217;exili van orquestrar m\u00e9s de <strong>sis-cents intents d&#8217;assassinat<\/strong> contra el l\u00edder cub\u00e0 al llarg de la seva vida. Aquesta obsessi\u00f3 per posar fi al seu mandat va generar algunes de les operacions m\u00e9s <strong>rocambolesques <\/strong>que es recorden, anant molt m\u00e9s enll\u00e0 dels m\u00e8todes tradicionals d&#8217;eliminaci\u00f3. Des de <strong>cigars<\/strong> que havien d&#8217;explotar un cop encesos fins a <strong>batuts <\/strong>de xocolata <strong>enverinats <\/strong>o intents d&#8217;introduir<strong> tal\u00b7li<\/strong> a les seves <strong>sabates <\/strong>per fer-li caure la m\u00edtica <strong>barba <\/strong>i arru\u00efnar la seva imatge p\u00fablica, la <strong>CIA <\/strong>va explorar literalment totes les vies imaginables per acabar amb ell.<\/p>\n\n\n\n<p class=\"wp-block-paragraph\">Dins d&#8217;aquest extens i creatiu cat\u00e0leg d&#8217;estrat\u00e8gies letals, una de les m\u00e9s fascinants va intentar aprofitar una de les grans passions personals de Castro: el <strong>busseig<\/strong>. Els agents nord-americans, coneixedors de la seva afici\u00f3 a explorar la<strong> rica fauna submarina<\/strong> i les aig\u00fces cristal\u00b7lines del <strong>Carib <\/strong>cub\u00e0, van idear un pla que semblava dissenyat a mida per a l&#8217;ocasi\u00f3 i que consistia a regalar-li un <strong>vestit de neopr\u00e8<\/strong> especialment <strong>manipulat<\/strong>. La idea de la divisi\u00f3 t\u00e8cnica de la CIA era <strong>impregnar <\/strong>l&#8217;interior del teixit amb <strong>espores <\/strong>d&#8217;un <strong>fong <\/strong>altament <strong>patogen <\/strong>que li causaria una <strong>malaltia cr\u00f2nica <\/strong>i debilitant a la pell, coneguda com a <strong>peu de Madura<\/strong>. Per assegurar l&#8217;\u00e8xit definitiu de l&#8217;operaci\u00f3, el pla tamb\u00e9 preveia <strong>contaminar <\/strong>l&#8217;equip de respiraci\u00f3 aut\u00f2noma amb els bacteris responsables de la tuberculosi.<\/p>\n\n\n\n<p class=\"wp-block-paragraph\">L&#8217;oportunitat d&#8217;entregar aquest obsequi mortal havia de ser a trav\u00e9s de <strong>James B. Donovan<\/strong>, l&#8217;advocat nord-americ\u00e0 que en aquells moments estava negociant cara a cara amb Castro l&#8217;alliberament dels <strong>presoners <\/strong>de la fallida invasi\u00f3 de la <strong>Badia de Cochinos<\/strong>. L&#8217;<strong>Ag\u00e8ncia<\/strong> volia que Donovan, de manera innocent i com a gest de bona voluntat durant les converses diplom\u00e0tiques, li lliur\u00e9s l&#8217;equip de busseig a l&#8217;Havana. El pla, per\u00f2, va <strong>fracassar <\/strong>de la manera m\u00e9s senzilla i inesperada. <strong>Donovan<\/strong>, completament ali\u00e8 a la fosca conspiraci\u00f3 que s&#8217;estava gestant als despatxos d&#8217;intel\u00b7lig\u00e8ncia, va decidir per iniciativa pr\u00f2pia anar a una botiga d&#8217;esports i <strong>comprar <\/strong>un <strong>vestit <\/strong>de busseig completament normal i de bona qualitat per regalar-li a Castro. Aquest gest diplom\u00e0tic genu\u00ed va fer que el vestit letal <strong>no arrib\u00e9s mai a sortir dels laboratoris<\/strong>, permetent que el mandatari continu\u00e9s submergint-se a les aig\u00fces cubanes i sumant una an\u00e8cdota m\u00e9s a la seva llarga llista de superviv\u00e8ncia. (CIEIB)<\/p>\n\n\n<div class=\"wp-block-image\">\n<figure class=\"aligncenter size-full\"><img loading=\"lazy\" decoding=\"async\" width=\"680\" height=\"355\" src=\"https:\/\/cieib.es\/wp-content\/uploads\/2026\/09\/imagen.png\" alt=\"\" class=\"wp-image-4215\" srcset=\"https:\/\/cieib.es\/wp-content\/uploads\/2026\/09\/imagen.png 680w, https:\/\/cieib.es\/wp-content\/uploads\/2026\/09\/imagen-300x157.png 300w\" sizes=\"auto, (max-width: 680px) 100vw, 680px\" \/><figcaption class=\"wp-element-caption\">Fidel Castro practicant pesca submarina, una de les seves passions.<\/figcaption><\/figure>\n<\/div>","protected":false},"excerpt":{"rendered":"<p>La hist\u00f2ria de la Guerra Freda est\u00e0 plena d&#8217;episodis que semblen extrets directament d&#8217;una novel\u00b7la d&#8217;espionatge, i la figura de Fidel Castro n&#8217;\u00e9s, sense cap mena de dubte, un dels protagonistes indiscutibles. Es calcula que els serveis d&#8217;intel\u00b7lig\u00e8ncia nord-americans i diversos grups de l&#8217;exili van orquestrar m\u00e9s de sis-cents intents d&#8217;assassinat contra el l\u00edder cub\u00e0<\/p>\n<div class=\"tech_read_more\"><a href=\"https:\/\/cieib.es\/?p=3932\">Read More<\/a><\/div>","protected":false},"author":2,"featured_media":0,"comment_status":"open","ping_status":"closed","sticky":false,"template":"","format":"standard","meta":{"footnotes":""},"categories":[59],"tags":[],"class_list":["post-3932","post","type-post","status-publish","format-standard","hentry","category-esports-subaquatics"],"yoast_head":"<!-- This site is optimized with the Yoast SEO plugin v28.4 - https:\/\/yoast.com\/product\/yoast-seo-wordpress\/ -->\n<title>Magnicidi i esport: el vestit de neopr\u00e8 enverinat de Fidel Castro - Centre d\u2019Interpretaci\u00f3 de l\u2019Esport de les Illes Balears<\/title>\n<meta name=\"robots\" content=\"index, follow, max-snippet:-1, max-image-preview:large, max-video-preview:-1\" \/>\n<link rel=\"canonical\" href=\"https:\/\/cieib.es\/?p=3932\" \/>\n<meta property=\"og:locale\" content=\"ca_ES\" \/>\n<meta property=\"og:type\" content=\"article\" \/>\n<meta property=\"og:title\" content=\"Magnicidi i esport: el vestit de neopr\u00e8 enverinat de Fidel Castro - Centre d\u2019Interpretaci\u00f3 de l\u2019Esport de les Illes Balears\" \/>\n<meta property=\"og:description\" content=\"La hist\u00f2ria de la Guerra Freda est\u00e0 plena d&#8217;episodis que semblen extrets directament d&#8217;una novel\u00b7la d&#8217;espionatge, i la figura de Fidel Castro n&#8217;\u00e9s, sense cap mena de dubte, un dels protagonistes indiscutibles. Es calcula que els serveis d&#8217;intel\u00b7lig\u00e8ncia nord-americans i diversos grups de l&#8217;exili van orquestrar m\u00e9s de sis-cents intents d&#8217;assassinat contra el l\u00edder cub\u00e0\" \/>\n<meta property=\"og:url\" content=\"https:\/\/cieib.es\/?p=3932\" \/>\n<meta property=\"og:site_name\" content=\"Centre d\u2019Interpretaci\u00f3 de l\u2019Esport de les Illes Balears\" \/>\n<meta property=\"article:published_time\" content=\"2026-09-04T04:00:00+00:00\" \/>\n<meta property=\"og:image\" content=\"https:\/\/cieib.es\/wp-content\/uploads\/2026\/09\/imagen.png\" \/>\n\t<meta property=\"og:image:width\" content=\"680\" \/>\n\t<meta property=\"og:image:height\" content=\"355\" \/>\n\t<meta property=\"og:image:type\" content=\"image\/png\" \/>\n<meta name=\"author\" content=\"msfont\" \/>\n<meta name=\"twitter:card\" content=\"summary_large_image\" \/>\n<meta name=\"twitter:label1\" content=\"Escrit per\" \/>\n\t<meta name=\"twitter:data1\" content=\"msfont\" \/>\n\t<meta name=\"twitter:label2\" content=\"Temps estimat de lectura\" \/>\n\t<meta name=\"twitter:data2\" content=\"3 minuts\" \/>\n<script type=\"application\/ld+json\" class=\"yoast-schema-graph\">{\"@context\":\"https:\\\/\\\/schema.org\",\"@graph\":[{\"@type\":\"Article\",\"@id\":\"https:\\\/\\\/cieib.es\\\/?p=3932#article\",\"isPartOf\":{\"@id\":\"https:\\\/\\\/cieib.es\\\/?p=3932\"},\"author\":{\"name\":\"msfont\",\"@id\":\"https:\\\/\\\/cieib.es\\\/#\\\/schema\\\/person\\\/92b909ce1e31182e2dd3ceb8838d054d\"},\"headline\":\"Magnicidi i esport: el vestit de neopr\u00e8 enverinat de Fidel Castro\",\"datePublished\":\"2026-09-04T04:00:00+00:00\",\"mainEntityOfPage\":{\"@id\":\"https:\\\/\\\/cieib.es\\\/?p=3932\"},\"wordCount\":479,\"commentCount\":0,\"publisher\":{\"@id\":\"https:\\\/\\\/cieib.es\\\/#organization\"},\"image\":{\"@id\":\"https:\\\/\\\/cieib.es\\\/?p=3932#primaryimage\"},\"thumbnailUrl\":\"https:\\\/\\\/cieib.es\\\/wp-content\\\/uploads\\\/2026\\\/09\\\/imagen.png\",\"articleSection\":[\"ESPORTS SUBAQU\u00c0TICS\"],\"inLanguage\":\"ca\",\"potentialAction\":[{\"@type\":\"CommentAction\",\"name\":\"Comment\",\"target\":[\"https:\\\/\\\/cieib.es\\\/?p=3932#respond\"]}]},{\"@type\":\"WebPage\",\"@id\":\"https:\\\/\\\/cieib.es\\\/?p=3932\",\"url\":\"https:\\\/\\\/cieib.es\\\/?p=3932\",\"name\":\"Magnicidi i esport: el vestit de neopr\u00e8 enverinat de Fidel Castro - Centre d\u2019Interpretaci\u00f3 de l\u2019Esport de les Illes Balears\",\"isPartOf\":{\"@id\":\"https:\\\/\\\/cieib.es\\\/#website\"},\"primaryImageOfPage\":{\"@id\":\"https:\\\/\\\/cieib.es\\\/?p=3932#primaryimage\"},\"image\":{\"@id\":\"https:\\\/\\\/cieib.es\\\/?p=3932#primaryimage\"},\"thumbnailUrl\":\"https:\\\/\\\/cieib.es\\\/wp-content\\\/uploads\\\/2026\\\/09\\\/imagen.png\",\"datePublished\":\"2026-09-04T04:00:00+00:00\",\"breadcrumb\":{\"@id\":\"https:\\\/\\\/cieib.es\\\/?p=3932#breadcrumb\"},\"inLanguage\":\"ca\",\"potentialAction\":[{\"@type\":\"ReadAction\",\"target\":[\"https:\\\/\\\/cieib.es\\\/?p=3932\"]}]},{\"@type\":\"ImageObject\",\"inLanguage\":\"ca\",\"@id\":\"https:\\\/\\\/cieib.es\\\/?p=3932#primaryimage\",\"url\":\"https:\\\/\\\/cieib.es\\\/wp-content\\\/uploads\\\/2026\\\/09\\\/imagen.png\",\"contentUrl\":\"https:\\\/\\\/cieib.es\\\/wp-content\\\/uploads\\\/2026\\\/09\\\/imagen.png\",\"width\":680,\"height\":355},{\"@type\":\"BreadcrumbList\",\"@id\":\"https:\\\/\\\/cieib.es\\\/?p=3932#breadcrumb\",\"itemListElement\":[{\"@type\":\"ListItem\",\"position\":1,\"name\":\"Portada\",\"item\":\"https:\\\/\\\/cieib.es\\\/\"},{\"@type\":\"ListItem\",\"position\":2,\"name\":\"Magnicidi i esport: el vestit de neopr\u00e8 enverinat de Fidel Castro\"}]},{\"@type\":\"WebSite\",\"@id\":\"https:\\\/\\\/cieib.es\\\/#website\",\"url\":\"https:\\\/\\\/cieib.es\\\/\",\"name\":\"Centre d\u2019Interpretaci\u00f3 de l\u2019Esport de les Illes Balears\",\"description\":\"\",\"publisher\":{\"@id\":\"https:\\\/\\\/cieib.es\\\/#organization\"},\"potentialAction\":[{\"@type\":\"SearchAction\",\"target\":{\"@type\":\"EntryPoint\",\"urlTemplate\":\"https:\\\/\\\/cieib.es\\\/?s={search_term_string}\"},\"query-input\":{\"@type\":\"PropertyValueSpecification\",\"valueRequired\":true,\"valueName\":\"search_term_string\"}}],\"inLanguage\":\"ca\"},{\"@type\":\"Organization\",\"@id\":\"https:\\\/\\\/cieib.es\\\/#organization\",\"name\":\"Centre d'Interpretaci\u00f3 de l'Esport de les Illes Balears\",\"url\":\"https:\\\/\\\/cieib.es\\\/\",\"logo\":{\"@type\":\"ImageObject\",\"inLanguage\":\"ca\",\"@id\":\"https:\\\/\\\/cieib.es\\\/#\\\/schema\\\/logo\\\/image\\\/\",\"url\":\"https:\\\/\\\/cieib.es\\\/wp-content\\\/uploads\\\/2021\\\/01\\\/fxeb@.png\",\"contentUrl\":\"https:\\\/\\\/cieib.es\\\/wp-content\\\/uploads\\\/2021\\\/01\\\/fxeb@.png\",\"width\":256,\"height\":131,\"caption\":\"Centre d'Interpretaci\u00f3 de l'Esport de les Illes Balears\"},\"image\":{\"@id\":\"https:\\\/\\\/cieib.es\\\/#\\\/schema\\\/logo\\\/image\\\/\"}},{\"@type\":\"Person\",\"@id\":\"https:\\\/\\\/cieib.es\\\/#\\\/schema\\\/person\\\/92b909ce1e31182e2dd3ceb8838d054d\",\"name\":\"msfont\",\"image\":{\"@type\":\"ImageObject\",\"inLanguage\":\"ca\",\"@id\":\"https:\\\/\\\/secure.gravatar.com\\\/avatar\\\/62413bf7f6c54607d8261ce7c9c70957957b1f46858f1d0d77f8a8627a345372?s=96&d=mm&r=g\",\"url\":\"https:\\\/\\\/secure.gravatar.com\\\/avatar\\\/62413bf7f6c54607d8261ce7c9c70957957b1f46858f1d0d77f8a8627a345372?s=96&d=mm&r=g\",\"contentUrl\":\"https:\\\/\\\/secure.gravatar.com\\\/avatar\\\/62413bf7f6c54607d8261ce7c9c70957957b1f46858f1d0d77f8a8627a345372?s=96&d=mm&r=g\",\"caption\":\"msfont\"},\"sameAs\":[\"https:\\\/\\\/cieib.es\"],\"url\":\"https:\\\/\\\/cieib.es\\\/?author=2\"}]}<\/script>\n<!-- \/ Yoast SEO plugin. -->","yoast_head_json":{"title":"Magnicidi i esport: el vestit de neopr\u00e8 enverinat de Fidel Castro - Centre d\u2019Interpretaci\u00f3 de l\u2019Esport de les Illes Balears","robots":{"index":"index","follow":"follow","max-snippet":"max-snippet:-1","max-image-preview":"max-image-preview:large","max-video-preview":"max-video-preview:-1"},"canonical":"https:\/\/cieib.es\/?p=3932","og_locale":"ca_ES","og_type":"article","og_title":"Magnicidi i esport: el vestit de neopr\u00e8 enverinat de Fidel Castro - Centre d\u2019Interpretaci\u00f3 de l\u2019Esport de les Illes Balears","og_description":"La hist\u00f2ria de la Guerra Freda est\u00e0 plena d&#8217;episodis que semblen extrets directament d&#8217;una novel\u00b7la d&#8217;espionatge, i la figura de Fidel Castro n&#8217;\u00e9s, sense cap mena de dubte, un dels protagonistes indiscutibles. Es calcula que els serveis d&#8217;intel\u00b7lig\u00e8ncia nord-americans i diversos grups de l&#8217;exili van orquestrar m\u00e9s de sis-cents intents d&#8217;assassinat contra el l\u00edder cub\u00e0","og_url":"https:\/\/cieib.es\/?p=3932","og_site_name":"Centre d\u2019Interpretaci\u00f3 de l\u2019Esport de les Illes Balears","article_published_time":"2026-09-04T04:00:00+00:00","og_image":[{"width":680,"height":355,"url":"https:\/\/cieib.es\/wp-content\/uploads\/2026\/09\/imagen.png","type":"image\/png"}],"author":"msfont","twitter_card":"summary_large_image","twitter_misc":{"Escrit per":"msfont","Temps estimat de lectura":"3 minuts"},"schema":{"@context":"https:\/\/schema.org","@graph":[{"@type":"Article","@id":"https:\/\/cieib.es\/?p=3932#article","isPartOf":{"@id":"https:\/\/cieib.es\/?p=3932"},"author":{"name":"msfont","@id":"https:\/\/cieib.es\/#\/schema\/person\/92b909ce1e31182e2dd3ceb8838d054d"},"headline":"Magnicidi i esport: el vestit de neopr\u00e8 enverinat de Fidel Castro","datePublished":"2026-09-04T04:00:00+00:00","mainEntityOfPage":{"@id":"https:\/\/cieib.es\/?p=3932"},"wordCount":479,"commentCount":0,"publisher":{"@id":"https:\/\/cieib.es\/#organization"},"image":{"@id":"https:\/\/cieib.es\/?p=3932#primaryimage"},"thumbnailUrl":"https:\/\/cieib.es\/wp-content\/uploads\/2026\/09\/imagen.png","articleSection":["ESPORTS SUBAQU\u00c0TICS"],"inLanguage":"ca","potentialAction":[{"@type":"CommentAction","name":"Comment","target":["https:\/\/cieib.es\/?p=3932#respond"]}]},{"@type":"WebPage","@id":"https:\/\/cieib.es\/?p=3932","url":"https:\/\/cieib.es\/?p=3932","name":"Magnicidi i esport: el vestit de neopr\u00e8 enverinat de Fidel Castro - Centre d\u2019Interpretaci\u00f3 de l\u2019Esport de les Illes Balears","isPartOf":{"@id":"https:\/\/cieib.es\/#website"},"primaryImageOfPage":{"@id":"https:\/\/cieib.es\/?p=3932#primaryimage"},"image":{"@id":"https:\/\/cieib.es\/?p=3932#primaryimage"},"thumbnailUrl":"https:\/\/cieib.es\/wp-content\/uploads\/2026\/09\/imagen.png","datePublished":"2026-09-04T04:00:00+00:00","breadcrumb":{"@id":"https:\/\/cieib.es\/?p=3932#breadcrumb"},"inLanguage":"ca","potentialAction":[{"@type":"ReadAction","target":["https:\/\/cieib.es\/?p=3932"]}]},{"@type":"ImageObject","inLanguage":"ca","@id":"https:\/\/cieib.es\/?p=3932#primaryimage","url":"https:\/\/cieib.es\/wp-content\/uploads\/2026\/09\/imagen.png","contentUrl":"https:\/\/cieib.es\/wp-content\/uploads\/2026\/09\/imagen.png","width":680,"height":355},{"@type":"BreadcrumbList","@id":"https:\/\/cieib.es\/?p=3932#breadcrumb","itemListElement":[{"@type":"ListItem","position":1,"name":"Portada","item":"https:\/\/cieib.es\/"},{"@type":"ListItem","position":2,"name":"Magnicidi i esport: el vestit de neopr\u00e8 enverinat de Fidel Castro"}]},{"@type":"WebSite","@id":"https:\/\/cieib.es\/#website","url":"https:\/\/cieib.es\/","name":"Centre d\u2019Interpretaci\u00f3 de l\u2019Esport de les Illes Balears","description":"","publisher":{"@id":"https:\/\/cieib.es\/#organization"},"potentialAction":[{"@type":"SearchAction","target":{"@type":"EntryPoint","urlTemplate":"https:\/\/cieib.es\/?s={search_term_string}"},"query-input":{"@type":"PropertyValueSpecification","valueRequired":true,"valueName":"search_term_string"}}],"inLanguage":"ca"},{"@type":"Organization","@id":"https:\/\/cieib.es\/#organization","name":"Centre d'Interpretaci\u00f3 de l'Esport de les Illes Balears","url":"https:\/\/cieib.es\/","logo":{"@type":"ImageObject","inLanguage":"ca","@id":"https:\/\/cieib.es\/#\/schema\/logo\/image\/","url":"https:\/\/cieib.es\/wp-content\/uploads\/2021\/01\/fxeb@.png","contentUrl":"https:\/\/cieib.es\/wp-content\/uploads\/2021\/01\/fxeb@.png","width":256,"height":131,"caption":"Centre d'Interpretaci\u00f3 de l'Esport de les Illes Balears"},"image":{"@id":"https:\/\/cieib.es\/#\/schema\/logo\/image\/"}},{"@type":"Person","@id":"https:\/\/cieib.es\/#\/schema\/person\/92b909ce1e31182e2dd3ceb8838d054d","name":"msfont","image":{"@type":"ImageObject","inLanguage":"ca","@id":"https:\/\/secure.gravatar.com\/avatar\/62413bf7f6c54607d8261ce7c9c70957957b1f46858f1d0d77f8a8627a345372?s=96&d=mm&r=g","url":"https:\/\/secure.gravatar.com\/avatar\/62413bf7f6c54607d8261ce7c9c70957957b1f46858f1d0d77f8a8627a345372?s=96&d=mm&r=g","contentUrl":"https:\/\/secure.gravatar.com\/avatar\/62413bf7f6c54607d8261ce7c9c70957957b1f46858f1d0d77f8a8627a345372?s=96&d=mm&r=g","caption":"msfont"},"sameAs":["https:\/\/cieib.es"],"url":"https:\/\/cieib.es\/?author=2"}]}},"_links":{"self":[{"href":"https:\/\/cieib.es\/index.php?rest_route=\/wp\/v2\/posts\/3932","targetHints":{"allow":["GET"]}}],"collection":[{"href":"https:\/\/cieib.es\/index.php?rest_route=\/wp\/v2\/posts"}],"about":[{"href":"https:\/\/cieib.es\/index.php?rest_route=\/wp\/v2\/types\/post"}],"author":[{"embeddable":true,"href":"https:\/\/cieib.es\/index.php?rest_route=\/wp\/v2\/users\/2"}],"replies":[{"embeddable":true,"href":"https:\/\/cieib.es\/index.php?rest_route=%2Fwp%2Fv2%2Fcomments&post=3932"}],"version-history":[{"count":1,"href":"https:\/\/cieib.es\/index.php?rest_route=\/wp\/v2\/posts\/3932\/revisions"}],"predecessor-version":[{"id":4216,"href":"https:\/\/cieib.es\/index.php?rest_route=\/wp\/v2\/posts\/3932\/revisions\/4216"}],"wp:attachment":[{"href":"https:\/\/cieib.es\/index.php?rest_route=%2Fwp%2Fv2%2Fmedia&parent=3932"}],"wp:term":[{"taxonomy":"category","embeddable":true,"href":"https:\/\/cieib.es\/index.php?rest_route=%2Fwp%2Fv2%2Fcategories&post=3932"},{"taxonomy":"post_tag","embeddable":true,"href":"https:\/\/cieib.es\/index.php?rest_route=%2Fwp%2Fv2%2Ftags&post=3932"}],"curies":[{"name":"wp","href":"https:\/\/api.w.org\/{rel}","templated":true}]}}