{"id":4188,"date":"2026-08-03T06:00:00","date_gmt":"2026-08-03T04:00:00","guid":{"rendered":"https:\/\/cieib.es\/?p=4188"},"modified":"2026-08-06T08:54:26","modified_gmt":"2026-08-06T06:54:26","slug":"53e-torneig-de-sa-llum-gabriel-gomila-jaume","status":"publish","type":"post","link":"https:\/\/cieib.es\/?p=4188","title":{"rendered":"52\u00e8 Torneig de sa Llum-Gabriel Gomila Jaume"},"content":{"rendered":"\n<p class=\"wp-block-paragraph\">El camp de futbol <strong>Es Revolt<\/strong> de <strong>Mon<\/strong>tu\u00efri ha tornat a vestir-se de gala per donar el s\u00fas a una nova edici\u00f3 d&#8217;un dels esdeveniments esportius m\u00e9s emblem\u00e0tics i de m\u00e9s llarga tradici\u00f3 de tot <strong>Mallorca<\/strong>. Enguany es commemora la <strong>cinquantena tercera edici\u00f3<\/strong> del <strong>Torneig de Futbol de sa Llum<\/strong>, una fita hist\u00f2rica per al futbol base de la nostra illa que, precisament en aquesta ocasi\u00f3 tan especial, incorpora per primera vegada en la seva denominaci\u00f3 oficial el nom de la persona que va fer possible aquesta gran aventura esportiva: <strong>Gabriel Gomila Jaume<\/strong>.<\/p>\n\n\n\n<p class=\"wp-block-paragraph\">Nascut a Montu\u00efri l&#8217;any <strong>1949<\/strong>, Gabriel Gomila \u00e9s una figura imprescindible per entendre el desenvolupament de l&#8217;activitat f\u00edsica i la comunicaci\u00f3 local. Mestre d&#8217;escola, professor de secund\u00e0ria, promotor esportiu i periodista \u2014amb una traject\u00f2ria hist\u00f2rica com a col\u00b7laborador de <strong>Diario de Mallorca<\/strong>, entre molts d&#8217;altres mitjans escrits i audiovisuals\u2014, va ser la ment i el cor que va impulsar la fundaci\u00f3 d&#8217;aquesta competici\u00f3 l&#8217;any 1973. Des d&#8217;aquell primer xiulet inicial, Gomila ha seguit fidelment i amb una passi\u00f3 intacta tota l&#8217;actualitat del torneig, essent una pe\u00e7a clau no nom\u00e9s en el seu naixement, sin\u00f3 tamb\u00e9 en la seva consolidaci\u00f3 al llarg de les d\u00e8cades.<\/p>\n\n\n\n<p class=\"wp-block-paragraph\">L&#8217;acte d&#8217;inauguraci\u00f3 de la present edici\u00f3 edici\u00f3 ha servit com a marc d&#8217;un <strong>sentit homenatge<\/strong> organitzat per l&#8217;entitat, en agra\u00efment a la seva inestimable i desinteressada col\u00b7laboraci\u00f3 durant tants d&#8217;anys. Acompanyat dels seus familiars, Gomila ha recollit visiblement emocionat una <strong>placa commemorativa<\/strong> lliurada pels organitzadors com a mostra de gratitud, mentre es feia oficial que el torneig dur\u00e0 a partir d&#8217;ara tamb\u00e9 el seu nom. Aquest gest refor\u00e7a el lligam indissoluble entre el municipi de Montu\u00efri, l&#8217;esport de base i un home que ha convertit l&#8217;educaci\u00f3 f\u00edsica en una veritable vocaci\u00f3 de vida i servei a la comunitat.<\/p>\n\n\n\n<p class=\"wp-block-paragraph\">La traject\u00f2ria de Gabriel Gomila transcendeix, tanmateix, els l\u00edmits del camp Es Revolt. El seu comprom\u00eds constant li va valer l&#8217;any <strong>2018 <\/strong>el prestigi\u00f3s <strong>premi Cornelius Atticus<\/strong>, la m\u00e0xima distinci\u00f3 que s&#8217;atorga a les Illes Balears per a recon\u00e8ixer el foment de l&#8217;esport en les seves diferents facetes. Molt abans, el 1974, ja havia estat guardonat amb el <strong>Premio Nacional de Educaci\u00f3n F\u00edsica<\/strong>, i el 1985 va quedar finalista a la persona f\u00edsica m\u00e9s destacada en la promoci\u00f3 de l&#8217;esport escolar. A aquests reconeixements s&#8217;hi afegeixen les distincions atorgades pel <strong>CE Montu\u00efri<\/strong> en els anys 1997 i 2012, aix\u00ed com el reconeixement rebut el 1993 en complir-se vint anys com a responsable de la <strong>Comissi\u00f3 d&#8217;Esports de la Part Forana<\/strong>. Amb la cinquantena tercera edici\u00f3 ja en marxa, el <strong>Torneig de sa Llum &#8211; Gabriel Gomila Jaume<\/strong> continua il\u00b7luminant el futur de les noves generacions de futbolistes, mantenint viva la flama de qui va saber plantar la primera llavor fa ja m\u00e9s de mig segle. (CIEIB)<\/p>\n\n\n\n<p class=\"wp-block-paragraph\"><\/p>\n\n\n<div class=\"wp-block-image\">\n<figure class=\"aligncenter size-full is-resized\"><img loading=\"lazy\" decoding=\"async\" width=\"640\" height=\"853\" src=\"https:\/\/cieib.es\/wp-content\/uploads\/2026\/08\/imagen.png\" alt=\"\" class=\"wp-image-4189\" style=\"aspect-ratio:0.7502951616073348;width:334px;height:auto\" srcset=\"https:\/\/cieib.es\/wp-content\/uploads\/2026\/08\/imagen.png 640w, https:\/\/cieib.es\/wp-content\/uploads\/2026\/08\/imagen-225x300.png 225w\" sizes=\"auto, (max-width: 640px) 100vw, 640px\" \/><figcaption class=\"wp-element-caption\">L&#8217;homenejat amb dos dels seus nets. (Font: DM)<\/figcaption><\/figure>\n<\/div>\n\n\n<p class=\"wp-block-paragraph\"><\/p>\n\n\n\n<p class=\"wp-block-paragraph\"><\/p>\n\n\n\n<p class=\"wp-block-paragraph\"><\/p>\n\n\n\n<p class=\"wp-block-paragraph\"><\/p>\n","protected":false},"excerpt":{"rendered":"<p>El camp de futbol Es Revolt de Montu\u00efri ha tornat a vestir-se de gala per donar el s\u00fas a una nova edici\u00f3 d&#8217;un dels esdeveniments esportius m\u00e9s emblem\u00e0tics i de m\u00e9s llarga tradici\u00f3 de tot Mallorca. Enguany es commemora la cinquantena tercera edici\u00f3 del Torneig de Futbol de sa Llum, una fita hist\u00f2rica per al<\/p>\n<div class=\"tech_read_more\"><a href=\"https:\/\/cieib.es\/?p=4188\">Read More<\/a><\/div>","protected":false},"author":2,"featured_media":0,"comment_status":"open","ping_status":"closed","sticky":false,"template":"","format":"standard","meta":{"footnotes":""},"categories":[27],"tags":[],"class_list":["post-4188","post","type-post","status-publish","format-standard","hentry","category-futbol"],"yoast_head":"<!-- This site is optimized with the Yoast SEO plugin v28.3 - https:\/\/yoast.com\/product\/yoast-seo-wordpress\/ -->\n<title>52\u00e8 Torneig de sa Llum-Gabriel Gomila Jaume - Centre d\u2019Interpretaci\u00f3 de l\u2019Esport de les Illes Balears<\/title>\n<meta name=\"robots\" content=\"index, follow, max-snippet:-1, max-image-preview:large, max-video-preview:-1\" \/>\n<link rel=\"canonical\" href=\"https:\/\/cieib.es\/?p=4188\" \/>\n<meta property=\"og:locale\" content=\"ca_ES\" \/>\n<meta property=\"og:type\" content=\"article\" \/>\n<meta property=\"og:title\" content=\"52\u00e8 Torneig de sa Llum-Gabriel Gomila Jaume - Centre d\u2019Interpretaci\u00f3 de l\u2019Esport de les Illes Balears\" \/>\n<meta property=\"og:description\" content=\"El camp de futbol Es Revolt de Montu\u00efri ha tornat a vestir-se de gala per donar el s\u00fas a una nova edici\u00f3 d&#8217;un dels esdeveniments esportius m\u00e9s emblem\u00e0tics i de m\u00e9s llarga tradici\u00f3 de tot Mallorca. Enguany es commemora la cinquantena tercera edici\u00f3 del Torneig de Futbol de sa Llum, una fita hist\u00f2rica per al\" \/>\n<meta property=\"og:url\" content=\"https:\/\/cieib.es\/?p=4188\" \/>\n<meta property=\"og:site_name\" content=\"Centre d\u2019Interpretaci\u00f3 de l\u2019Esport de les Illes Balears\" \/>\n<meta property=\"article:published_time\" content=\"2026-08-03T04:00:00+00:00\" \/>\n<meta property=\"article:modified_time\" content=\"2026-08-06T06:54:26+00:00\" \/>\n<meta property=\"og:image\" content=\"https:\/\/cieib.es\/wp-content\/uploads\/2026\/08\/imagen.png\" \/>\n\t<meta property=\"og:image:width\" content=\"640\" \/>\n\t<meta property=\"og:image:height\" content=\"853\" \/>\n\t<meta property=\"og:image:type\" content=\"image\/png\" \/>\n<meta name=\"author\" content=\"msfont\" \/>\n<meta name=\"twitter:card\" content=\"summary_large_image\" \/>\n<meta name=\"twitter:label1\" content=\"Escrit per\" \/>\n\t<meta name=\"twitter:data1\" content=\"msfont\" \/>\n\t<meta name=\"twitter:label2\" content=\"Temps estimat de lectura\" \/>\n\t<meta name=\"twitter:data2\" content=\"3 minuts\" \/>\n<script type=\"application\/ld+json\" class=\"yoast-schema-graph\">{\"@context\":\"https:\\\/\\\/schema.org\",\"@graph\":[{\"@type\":\"Article\",\"@id\":\"https:\\\/\\\/cieib.es\\\/?p=4188#article\",\"isPartOf\":{\"@id\":\"https:\\\/\\\/cieib.es\\\/?p=4188\"},\"author\":{\"name\":\"msfont\",\"@id\":\"https:\\\/\\\/cieib.es\\\/#\\\/schema\\\/person\\\/92b909ce1e31182e2dd3ceb8838d054d\"},\"headline\":\"52\u00e8 Torneig de sa Llum-Gabriel Gomila Jaume\",\"datePublished\":\"2026-08-03T04:00:00+00:00\",\"dateModified\":\"2026-08-06T06:54:26+00:00\",\"mainEntityOfPage\":{\"@id\":\"https:\\\/\\\/cieib.es\\\/?p=4188\"},\"wordCount\":500,\"commentCount\":0,\"publisher\":{\"@id\":\"https:\\\/\\\/cieib.es\\\/#organization\"},\"image\":{\"@id\":\"https:\\\/\\\/cieib.es\\\/?p=4188#primaryimage\"},\"thumbnailUrl\":\"https:\\\/\\\/cieib.es\\\/wp-content\\\/uploads\\\/2026\\\/08\\\/imagen.png\",\"articleSection\":[\"FUTBOL\"],\"inLanguage\":\"ca\",\"potentialAction\":[{\"@type\":\"CommentAction\",\"name\":\"Comment\",\"target\":[\"https:\\\/\\\/cieib.es\\\/?p=4188#respond\"]}]},{\"@type\":\"WebPage\",\"@id\":\"https:\\\/\\\/cieib.es\\\/?p=4188\",\"url\":\"https:\\\/\\\/cieib.es\\\/?p=4188\",\"name\":\"52\u00e8 Torneig de sa Llum-Gabriel Gomila Jaume - Centre d\u2019Interpretaci\u00f3 de l\u2019Esport de les Illes Balears\",\"isPartOf\":{\"@id\":\"https:\\\/\\\/cieib.es\\\/#website\"},\"primaryImageOfPage\":{\"@id\":\"https:\\\/\\\/cieib.es\\\/?p=4188#primaryimage\"},\"image\":{\"@id\":\"https:\\\/\\\/cieib.es\\\/?p=4188#primaryimage\"},\"thumbnailUrl\":\"https:\\\/\\\/cieib.es\\\/wp-content\\\/uploads\\\/2026\\\/08\\\/imagen.png\",\"datePublished\":\"2026-08-03T04:00:00+00:00\",\"dateModified\":\"2026-08-06T06:54:26+00:00\",\"breadcrumb\":{\"@id\":\"https:\\\/\\\/cieib.es\\\/?p=4188#breadcrumb\"},\"inLanguage\":\"ca\",\"potentialAction\":[{\"@type\":\"ReadAction\",\"target\":[\"https:\\\/\\\/cieib.es\\\/?p=4188\"]}]},{\"@type\":\"ImageObject\",\"inLanguage\":\"ca\",\"@id\":\"https:\\\/\\\/cieib.es\\\/?p=4188#primaryimage\",\"url\":\"https:\\\/\\\/cieib.es\\\/wp-content\\\/uploads\\\/2026\\\/08\\\/imagen.png\",\"contentUrl\":\"https:\\\/\\\/cieib.es\\\/wp-content\\\/uploads\\\/2026\\\/08\\\/imagen.png\",\"width\":640,\"height\":853},{\"@type\":\"BreadcrumbList\",\"@id\":\"https:\\\/\\\/cieib.es\\\/?p=4188#breadcrumb\",\"itemListElement\":[{\"@type\":\"ListItem\",\"position\":1,\"name\":\"Portada\",\"item\":\"https:\\\/\\\/cieib.es\\\/\"},{\"@type\":\"ListItem\",\"position\":2,\"name\":\"52\u00e8 Torneig de sa Llum-Gabriel Gomila Jaume\"}]},{\"@type\":\"WebSite\",\"@id\":\"https:\\\/\\\/cieib.es\\\/#website\",\"url\":\"https:\\\/\\\/cieib.es\\\/\",\"name\":\"Centre d\u2019Interpretaci\u00f3 de l\u2019Esport de les Illes Balears\",\"description\":\"\",\"publisher\":{\"@id\":\"https:\\\/\\\/cieib.es\\\/#organization\"},\"potentialAction\":[{\"@type\":\"SearchAction\",\"target\":{\"@type\":\"EntryPoint\",\"urlTemplate\":\"https:\\\/\\\/cieib.es\\\/?s={search_term_string}\"},\"query-input\":{\"@type\":\"PropertyValueSpecification\",\"valueRequired\":true,\"valueName\":\"search_term_string\"}}],\"inLanguage\":\"ca\"},{\"@type\":\"Organization\",\"@id\":\"https:\\\/\\\/cieib.es\\\/#organization\",\"name\":\"Centre d'Interpretaci\u00f3 de l'Esport de les Illes Balears\",\"url\":\"https:\\\/\\\/cieib.es\\\/\",\"logo\":{\"@type\":\"ImageObject\",\"inLanguage\":\"ca\",\"@id\":\"https:\\\/\\\/cieib.es\\\/#\\\/schema\\\/logo\\\/image\\\/\",\"url\":\"https:\\\/\\\/cieib.es\\\/wp-content\\\/uploads\\\/2021\\\/01\\\/fxeb@.png\",\"contentUrl\":\"https:\\\/\\\/cieib.es\\\/wp-content\\\/uploads\\\/2021\\\/01\\\/fxeb@.png\",\"width\":256,\"height\":131,\"caption\":\"Centre d'Interpretaci\u00f3 de l'Esport de les Illes Balears\"},\"image\":{\"@id\":\"https:\\\/\\\/cieib.es\\\/#\\\/schema\\\/logo\\\/image\\\/\"}},{\"@type\":\"Person\",\"@id\":\"https:\\\/\\\/cieib.es\\\/#\\\/schema\\\/person\\\/92b909ce1e31182e2dd3ceb8838d054d\",\"name\":\"msfont\",\"image\":{\"@type\":\"ImageObject\",\"inLanguage\":\"ca\",\"@id\":\"https:\\\/\\\/secure.gravatar.com\\\/avatar\\\/62413bf7f6c54607d8261ce7c9c70957957b1f46858f1d0d77f8a8627a345372?s=96&d=mm&r=g\",\"url\":\"https:\\\/\\\/secure.gravatar.com\\\/avatar\\\/62413bf7f6c54607d8261ce7c9c70957957b1f46858f1d0d77f8a8627a345372?s=96&d=mm&r=g\",\"contentUrl\":\"https:\\\/\\\/secure.gravatar.com\\\/avatar\\\/62413bf7f6c54607d8261ce7c9c70957957b1f46858f1d0d77f8a8627a345372?s=96&d=mm&r=g\",\"caption\":\"msfont\"},\"sameAs\":[\"https:\\\/\\\/cieib.es\"],\"url\":\"https:\\\/\\\/cieib.es\\\/?author=2\"}]}<\/script>\n<!-- \/ Yoast SEO plugin. -->","yoast_head_json":{"title":"52\u00e8 Torneig de sa Llum-Gabriel Gomila Jaume - Centre d\u2019Interpretaci\u00f3 de l\u2019Esport de les Illes Balears","robots":{"index":"index","follow":"follow","max-snippet":"max-snippet:-1","max-image-preview":"max-image-preview:large","max-video-preview":"max-video-preview:-1"},"canonical":"https:\/\/cieib.es\/?p=4188","og_locale":"ca_ES","og_type":"article","og_title":"52\u00e8 Torneig de sa Llum-Gabriel Gomila Jaume - Centre d\u2019Interpretaci\u00f3 de l\u2019Esport de les Illes Balears","og_description":"El camp de futbol Es Revolt de Montu\u00efri ha tornat a vestir-se de gala per donar el s\u00fas a una nova edici\u00f3 d&#8217;un dels esdeveniments esportius m\u00e9s emblem\u00e0tics i de m\u00e9s llarga tradici\u00f3 de tot Mallorca. Enguany es commemora la cinquantena tercera edici\u00f3 del Torneig de Futbol de sa Llum, una fita hist\u00f2rica per al","og_url":"https:\/\/cieib.es\/?p=4188","og_site_name":"Centre d\u2019Interpretaci\u00f3 de l\u2019Esport de les Illes Balears","article_published_time":"2026-08-03T04:00:00+00:00","article_modified_time":"2026-08-06T06:54:26+00:00","og_image":[{"width":640,"height":853,"url":"https:\/\/cieib.es\/wp-content\/uploads\/2026\/08\/imagen.png","type":"image\/png"}],"author":"msfont","twitter_card":"summary_large_image","twitter_misc":{"Escrit per":"msfont","Temps estimat de lectura":"3 minuts"},"schema":{"@context":"https:\/\/schema.org","@graph":[{"@type":"Article","@id":"https:\/\/cieib.es\/?p=4188#article","isPartOf":{"@id":"https:\/\/cieib.es\/?p=4188"},"author":{"name":"msfont","@id":"https:\/\/cieib.es\/#\/schema\/person\/92b909ce1e31182e2dd3ceb8838d054d"},"headline":"52\u00e8 Torneig de sa Llum-Gabriel Gomila Jaume","datePublished":"2026-08-03T04:00:00+00:00","dateModified":"2026-08-06T06:54:26+00:00","mainEntityOfPage":{"@id":"https:\/\/cieib.es\/?p=4188"},"wordCount":500,"commentCount":0,"publisher":{"@id":"https:\/\/cieib.es\/#organization"},"image":{"@id":"https:\/\/cieib.es\/?p=4188#primaryimage"},"thumbnailUrl":"https:\/\/cieib.es\/wp-content\/uploads\/2026\/08\/imagen.png","articleSection":["FUTBOL"],"inLanguage":"ca","potentialAction":[{"@type":"CommentAction","name":"Comment","target":["https:\/\/cieib.es\/?p=4188#respond"]}]},{"@type":"WebPage","@id":"https:\/\/cieib.es\/?p=4188","url":"https:\/\/cieib.es\/?p=4188","name":"52\u00e8 Torneig de sa Llum-Gabriel Gomila Jaume - Centre d\u2019Interpretaci\u00f3 de l\u2019Esport de les Illes Balears","isPartOf":{"@id":"https:\/\/cieib.es\/#website"},"primaryImageOfPage":{"@id":"https:\/\/cieib.es\/?p=4188#primaryimage"},"image":{"@id":"https:\/\/cieib.es\/?p=4188#primaryimage"},"thumbnailUrl":"https:\/\/cieib.es\/wp-content\/uploads\/2026\/08\/imagen.png","datePublished":"2026-08-03T04:00:00+00:00","dateModified":"2026-08-06T06:54:26+00:00","breadcrumb":{"@id":"https:\/\/cieib.es\/?p=4188#breadcrumb"},"inLanguage":"ca","potentialAction":[{"@type":"ReadAction","target":["https:\/\/cieib.es\/?p=4188"]}]},{"@type":"ImageObject","inLanguage":"ca","@id":"https:\/\/cieib.es\/?p=4188#primaryimage","url":"https:\/\/cieib.es\/wp-content\/uploads\/2026\/08\/imagen.png","contentUrl":"https:\/\/cieib.es\/wp-content\/uploads\/2026\/08\/imagen.png","width":640,"height":853},{"@type":"BreadcrumbList","@id":"https:\/\/cieib.es\/?p=4188#breadcrumb","itemListElement":[{"@type":"ListItem","position":1,"name":"Portada","item":"https:\/\/cieib.es\/"},{"@type":"ListItem","position":2,"name":"52\u00e8 Torneig de sa Llum-Gabriel Gomila Jaume"}]},{"@type":"WebSite","@id":"https:\/\/cieib.es\/#website","url":"https:\/\/cieib.es\/","name":"Centre d\u2019Interpretaci\u00f3 de l\u2019Esport de les Illes Balears","description":"","publisher":{"@id":"https:\/\/cieib.es\/#organization"},"potentialAction":[{"@type":"SearchAction","target":{"@type":"EntryPoint","urlTemplate":"https:\/\/cieib.es\/?s={search_term_string}"},"query-input":{"@type":"PropertyValueSpecification","valueRequired":true,"valueName":"search_term_string"}}],"inLanguage":"ca"},{"@type":"Organization","@id":"https:\/\/cieib.es\/#organization","name":"Centre d'Interpretaci\u00f3 de l'Esport de les Illes Balears","url":"https:\/\/cieib.es\/","logo":{"@type":"ImageObject","inLanguage":"ca","@id":"https:\/\/cieib.es\/#\/schema\/logo\/image\/","url":"https:\/\/cieib.es\/wp-content\/uploads\/2021\/01\/fxeb@.png","contentUrl":"https:\/\/cieib.es\/wp-content\/uploads\/2021\/01\/fxeb@.png","width":256,"height":131,"caption":"Centre d'Interpretaci\u00f3 de l'Esport de les Illes Balears"},"image":{"@id":"https:\/\/cieib.es\/#\/schema\/logo\/image\/"}},{"@type":"Person","@id":"https:\/\/cieib.es\/#\/schema\/person\/92b909ce1e31182e2dd3ceb8838d054d","name":"msfont","image":{"@type":"ImageObject","inLanguage":"ca","@id":"https:\/\/secure.gravatar.com\/avatar\/62413bf7f6c54607d8261ce7c9c70957957b1f46858f1d0d77f8a8627a345372?s=96&d=mm&r=g","url":"https:\/\/secure.gravatar.com\/avatar\/62413bf7f6c54607d8261ce7c9c70957957b1f46858f1d0d77f8a8627a345372?s=96&d=mm&r=g","contentUrl":"https:\/\/secure.gravatar.com\/avatar\/62413bf7f6c54607d8261ce7c9c70957957b1f46858f1d0d77f8a8627a345372?s=96&d=mm&r=g","caption":"msfont"},"sameAs":["https:\/\/cieib.es"],"url":"https:\/\/cieib.es\/?author=2"}]}},"_links":{"self":[{"href":"https:\/\/cieib.es\/index.php?rest_route=\/wp\/v2\/posts\/4188","targetHints":{"allow":["GET"]}}],"collection":[{"href":"https:\/\/cieib.es\/index.php?rest_route=\/wp\/v2\/posts"}],"about":[{"href":"https:\/\/cieib.es\/index.php?rest_route=\/wp\/v2\/types\/post"}],"author":[{"embeddable":true,"href":"https:\/\/cieib.es\/index.php?rest_route=\/wp\/v2\/users\/2"}],"replies":[{"embeddable":true,"href":"https:\/\/cieib.es\/index.php?rest_route=%2Fwp%2Fv2%2Fcomments&post=4188"}],"version-history":[{"count":4,"href":"https:\/\/cieib.es\/index.php?rest_route=\/wp\/v2\/posts\/4188\/revisions"}],"predecessor-version":[{"id":4195,"href":"https:\/\/cieib.es\/index.php?rest_route=\/wp\/v2\/posts\/4188\/revisions\/4195"}],"wp:attachment":[{"href":"https:\/\/cieib.es\/index.php?rest_route=%2Fwp%2Fv2%2Fmedia&parent=4188"}],"wp:term":[{"taxonomy":"category","embeddable":true,"href":"https:\/\/cieib.es\/index.php?rest_route=%2Fwp%2Fv2%2Fcategories&post=4188"},{"taxonomy":"post_tag","embeddable":true,"href":"https:\/\/cieib.es\/index.php?rest_route=%2Fwp%2Fv2%2Ftags&post=4188"}],"curies":[{"name":"wp","href":"https:\/\/api.w.org\/{rel}","templated":true}]}}