{"id":4201,"date":"2026-08-19T06:00:00","date_gmt":"2026-08-19T04:00:00","guid":{"rendered":"https:\/\/cieib.es\/?p=4201"},"modified":"2026-08-10T18:05:15","modified_gmt":"2026-08-10T16:05:15","slug":"el-dia-que-el-zaire-va-jugar-contra-el-brasil-per-salvar-la-vida","status":"publish","type":"post","link":"https:\/\/cieib.es\/?p=4201","title":{"rendered":"El dia que el Zaire va jugar contra el Brasil per salvar la vida"},"content":{"rendered":"\n<p class=\"wp-block-paragraph\">El 22 de juny de 1974, el <strong>Brasil<\/strong>, campi\u00f3 del m\u00f3n vigent, s\u2019enfrontava al <strong>Zaire<\/strong> en el darrer partit de la fase de grups del <strong>Mundial d\u2019Alemanya Occidental<\/strong>. Sobre el paper, era un duel desigual. Per\u00f2 aquell partit amagava una hist\u00f2ria molt m\u00e9s inquietant que qualsevol resultat futbol\u00edstic.<\/p>\n\n\n\n<p class=\"wp-block-paragraph\">El Zaire disputava el seu <strong>primer<\/strong> i, fins avui, <strong>\u00fanic<\/strong> <strong>Mundial<\/strong>. Era tamb\u00e9 la primera selecci\u00f3 de l\u2019\u00c0frica subsahariana que aconseguia arribar a una fase final de la Copa del M\u00f3n. Havia arribat a Alemanya com a campiona d\u2019\u00c0frica, per\u00f2 el somni es convert\u00ed r\u00e0pidament en malson: derrota per <strong>2-0<\/strong> davant <strong>Esc\u00f2cia<\/strong> i, despr\u00e9s, una <strong>humiliant<\/strong> golejada per <strong>9-0<\/strong> contra <strong>Iugosl\u00e0via<\/strong>, una de les derrotes m\u00e9s contundents de la hist\u00f2ria dels Mundials.<\/p>\n\n\n\n<p class=\"wp-block-paragraph\">El resultat contra els iugoslaus va enfurismar el <strong>dictador<\/strong> <strong>Mobutu Sese Seko<\/strong>, que governava el Zaire amb m\u00e0 de ferro. Segons explicaria anys m\u00e9s tard el defensa Mwepu Ilunga, despr\u00e9s d\u2019aquella derrota els jugadors varen rebre la visita dels homes de la gu\u00e0rdia presidencial. El missatge era clar: contra el <strong>Brasil<\/strong> no podien <strong>perdre<\/strong> per <strong>quatre<\/strong> <strong>gols<\/strong> o m\u00e9s. \u00ab<strong>Si perdem 0-4, cap de nosaltres podr\u00e0 tornar a casa<\/strong>\u00bb, va explicar Ilunga en una entrevista posterior.<\/p>\n\n\n\n<p class=\"wp-block-paragraph\">Aix\u00f2 explica una de les escenes m\u00e9s estranyes de la hist\u00f2ria de la Copa del M\u00f3n. Amb el Brasil guanyant <strong>2-0<\/strong>, els brasilers disposaven d\u2019una <strong>falta<\/strong> perillosa. <strong>Rivelino<\/strong> es preparava per executar-la quan Ilunga va sortir disparat de la barrera, va arribar fins a la <strong>pilota<\/strong> i la va enviar <strong>lluny<\/strong> abans que el brasiler pogu\u00e9s xutar. L\u2019<strong>\u00e0rbitre<\/strong> roman\u00e8s <strong>Nicolae Rainea<\/strong> li va mostrar <strong>targeta<\/strong> <strong>groga<\/strong>. Durant anys, aquella acci\u00f3 va ser presentada com una mostra de desconeixement de les regles per part d\u2019un futbolista afric\u00e0. La realitat, segons el mateix Ilunga, era molt m\u00e9s dram\u00e0tica: sabia perfectament qu\u00e8 feia i intentava perdre temps.<\/p>\n\n\n\n<p class=\"wp-block-paragraph\">El Brasil acabaria marcant un <strong>tercer gol,<\/strong> per\u00f2 no en va arribar cap quart. <strong>Jairzinho<\/strong>, <strong>Rivelino<\/strong> i <strong>Valdomiro<\/strong> varen establir el 3-0 definitiu. El Zaire havia perdut, per\u00f2 havia evitat el resultat que, segons els seus jugadors, els havien advertit que podia tenir conseq\u00fc\u00e8ncies greus.<\/p>\n\n\n\n<p class=\"wp-block-paragraph\">Per aix\u00f2, la famosa puntada d\u2019<strong>Ilunga<\/strong> no \u00e9s simplement una de les an\u00e8cdotes m\u00e9s c\u00f2miques d\u2019un Mundial. \u00c9s tamb\u00e9 el <strong>s\u00edmbol<\/strong> d\u2019una selecci\u00f3 atrapada entre el <strong>futbol<\/strong>, la <strong>pol\u00edtica<\/strong> i la <strong>por<\/strong>. (CIEIB)<\/p>\n\n\n<div class=\"wp-block-image\">\n<figure class=\"aligncenter size-large\"><img loading=\"lazy\" decoding=\"async\" width=\"1024\" height=\"768\" src=\"https:\/\/cieib.es\/wp-content\/uploads\/2026\/08\/image-5-1024x768.png\" alt=\"\" class=\"wp-image-4205\" srcset=\"https:\/\/cieib.es\/wp-content\/uploads\/2026\/08\/image-5-1024x768.png 1024w, https:\/\/cieib.es\/wp-content\/uploads\/2026\/08\/image-5-300x225.png 300w, https:\/\/cieib.es\/wp-content\/uploads\/2026\/08\/image-5-768x576.png 768w, https:\/\/cieib.es\/wp-content\/uploads\/2026\/08\/image-5-1536x1152.png 1536w, https:\/\/cieib.es\/wp-content\/uploads\/2026\/08\/image-5.png 1960w\" sizes=\"auto, (max-width: 1024px) 100vw, 1024px\" \/><figcaption class=\"wp-element-caption\">Moment en el qual l&#8217;\u00e0rbitre mostra una de les targetes que provocaren els jugadores del Zaire per aix\u00ed poder perdre temps i que no els hi encaixessin m\u00e9s gols.<\/figcaption><\/figure>\n<\/div>","protected":false},"excerpt":{"rendered":"<p>El 22 de juny de 1974, el Brasil, campi\u00f3 del m\u00f3n vigent, s\u2019enfrontava al Zaire en el darrer partit de la fase de grups del Mundial d\u2019Alemanya Occidental. Sobre el paper, era un duel desigual. Per\u00f2 aquell partit amagava una hist\u00f2ria molt m\u00e9s inquietant que qualsevol resultat futbol\u00edstic. El Zaire disputava el seu primer i,<\/p>\n<div class=\"tech_read_more\"><a href=\"https:\/\/cieib.es\/?p=4201\">Read More<\/a><\/div>","protected":false},"author":4,"featured_media":0,"comment_status":"open","ping_status":"closed","sticky":false,"template":"","format":"standard","meta":{"footnotes":""},"categories":[27],"tags":[],"class_list":["post-4201","post","type-post","status-publish","format-standard","hentry","category-futbol"],"yoast_head":"<!-- This site is optimized with the Yoast SEO plugin v28.3 - https:\/\/yoast.com\/product\/yoast-seo-wordpress\/ -->\n<title>El dia que el Zaire va jugar contra el Brasil per salvar la vida - Centre d\u2019Interpretaci\u00f3 de l\u2019Esport de les Illes Balears<\/title>\n<meta name=\"robots\" content=\"index, follow, max-snippet:-1, max-image-preview:large, max-video-preview:-1\" \/>\n<link rel=\"canonical\" href=\"https:\/\/cieib.es\/?p=4201\" \/>\n<meta property=\"og:locale\" content=\"ca_ES\" \/>\n<meta property=\"og:type\" content=\"article\" \/>\n<meta property=\"og:title\" content=\"El dia que el Zaire va jugar contra el Brasil per salvar la vida - Centre d\u2019Interpretaci\u00f3 de l\u2019Esport de les Illes Balears\" \/>\n<meta property=\"og:description\" content=\"El 22 de juny de 1974, el Brasil, campi\u00f3 del m\u00f3n vigent, s\u2019enfrontava al Zaire en el darrer partit de la fase de grups del Mundial d\u2019Alemanya Occidental. Sobre el paper, era un duel desigual. Per\u00f2 aquell partit amagava una hist\u00f2ria molt m\u00e9s inquietant que qualsevol resultat futbol\u00edstic. El Zaire disputava el seu primer i,\" \/>\n<meta property=\"og:url\" content=\"https:\/\/cieib.es\/?p=4201\" \/>\n<meta property=\"og:site_name\" content=\"Centre d\u2019Interpretaci\u00f3 de l\u2019Esport de les Illes Balears\" \/>\n<meta property=\"article:published_time\" content=\"2026-08-19T04:00:00+00:00\" \/>\n<meta property=\"og:image\" content=\"https:\/\/cieib.es\/wp-content\/uploads\/2026\/08\/image-5-1024x768.png\" \/>\n\t<meta property=\"og:image:width\" content=\"1024\" \/>\n\t<meta property=\"og:image:height\" content=\"768\" \/>\n\t<meta property=\"og:image:type\" content=\"image\/png\" \/>\n<meta name=\"author\" content=\"Miquel dels Sants Font\" \/>\n<meta name=\"twitter:card\" content=\"summary_large_image\" \/>\n<meta name=\"twitter:label1\" content=\"Escrit per\" \/>\n\t<meta name=\"twitter:data1\" content=\"Miquel dels Sants Font\" \/>\n\t<meta name=\"twitter:label2\" content=\"Temps estimat de lectura\" \/>\n\t<meta name=\"twitter:data2\" content=\"3 minuts\" \/>\n<script type=\"application\/ld+json\" class=\"yoast-schema-graph\">{\"@context\":\"https:\\\/\\\/schema.org\",\"@graph\":[{\"@type\":\"Article\",\"@id\":\"https:\\\/\\\/cieib.es\\\/?p=4201#article\",\"isPartOf\":{\"@id\":\"https:\\\/\\\/cieib.es\\\/?p=4201\"},\"author\":{\"name\":\"Miquel dels Sants Font\",\"@id\":\"https:\\\/\\\/cieib.es\\\/#\\\/schema\\\/person\\\/f177d25dc3224a8e482ab1bcedd3637e\"},\"headline\":\"El dia que el Zaire va jugar contra el Brasil per salvar la vida\",\"datePublished\":\"2026-08-19T04:00:00+00:00\",\"mainEntityOfPage\":{\"@id\":\"https:\\\/\\\/cieib.es\\\/?p=4201\"},\"wordCount\":460,\"commentCount\":0,\"publisher\":{\"@id\":\"https:\\\/\\\/cieib.es\\\/#organization\"},\"image\":{\"@id\":\"https:\\\/\\\/cieib.es\\\/?p=4201#primaryimage\"},\"thumbnailUrl\":\"https:\\\/\\\/cieib.es\\\/wp-content\\\/uploads\\\/2026\\\/08\\\/image-5-1024x768.png\",\"articleSection\":[\"FUTBOL\"],\"inLanguage\":\"ca\",\"potentialAction\":[{\"@type\":\"CommentAction\",\"name\":\"Comment\",\"target\":[\"https:\\\/\\\/cieib.es\\\/?p=4201#respond\"]}]},{\"@type\":\"WebPage\",\"@id\":\"https:\\\/\\\/cieib.es\\\/?p=4201\",\"url\":\"https:\\\/\\\/cieib.es\\\/?p=4201\",\"name\":\"El dia que el Zaire va jugar contra el Brasil per salvar la vida - Centre d\u2019Interpretaci\u00f3 de l\u2019Esport de les Illes Balears\",\"isPartOf\":{\"@id\":\"https:\\\/\\\/cieib.es\\\/#website\"},\"primaryImageOfPage\":{\"@id\":\"https:\\\/\\\/cieib.es\\\/?p=4201#primaryimage\"},\"image\":{\"@id\":\"https:\\\/\\\/cieib.es\\\/?p=4201#primaryimage\"},\"thumbnailUrl\":\"https:\\\/\\\/cieib.es\\\/wp-content\\\/uploads\\\/2026\\\/08\\\/image-5-1024x768.png\",\"datePublished\":\"2026-08-19T04:00:00+00:00\",\"breadcrumb\":{\"@id\":\"https:\\\/\\\/cieib.es\\\/?p=4201#breadcrumb\"},\"inLanguage\":\"ca\",\"potentialAction\":[{\"@type\":\"ReadAction\",\"target\":[\"https:\\\/\\\/cieib.es\\\/?p=4201\"]}]},{\"@type\":\"ImageObject\",\"inLanguage\":\"ca\",\"@id\":\"https:\\\/\\\/cieib.es\\\/?p=4201#primaryimage\",\"url\":\"https:\\\/\\\/cieib.es\\\/wp-content\\\/uploads\\\/2026\\\/08\\\/image-5.png\",\"contentUrl\":\"https:\\\/\\\/cieib.es\\\/wp-content\\\/uploads\\\/2026\\\/08\\\/image-5.png\",\"width\":1960,\"height\":1470},{\"@type\":\"BreadcrumbList\",\"@id\":\"https:\\\/\\\/cieib.es\\\/?p=4201#breadcrumb\",\"itemListElement\":[{\"@type\":\"ListItem\",\"position\":1,\"name\":\"Portada\",\"item\":\"https:\\\/\\\/cieib.es\\\/\"},{\"@type\":\"ListItem\",\"position\":2,\"name\":\"El dia que el Zaire va jugar contra el Brasil per salvar la vida\"}]},{\"@type\":\"WebSite\",\"@id\":\"https:\\\/\\\/cieib.es\\\/#website\",\"url\":\"https:\\\/\\\/cieib.es\\\/\",\"name\":\"Centre d\u2019Interpretaci\u00f3 de l\u2019Esport de les Illes Balears\",\"description\":\"\",\"publisher\":{\"@id\":\"https:\\\/\\\/cieib.es\\\/#organization\"},\"potentialAction\":[{\"@type\":\"SearchAction\",\"target\":{\"@type\":\"EntryPoint\",\"urlTemplate\":\"https:\\\/\\\/cieib.es\\\/?s={search_term_string}\"},\"query-input\":{\"@type\":\"PropertyValueSpecification\",\"valueRequired\":true,\"valueName\":\"search_term_string\"}}],\"inLanguage\":\"ca\"},{\"@type\":\"Organization\",\"@id\":\"https:\\\/\\\/cieib.es\\\/#organization\",\"name\":\"Centre d'Interpretaci\u00f3 de l'Esport de les Illes Balears\",\"url\":\"https:\\\/\\\/cieib.es\\\/\",\"logo\":{\"@type\":\"ImageObject\",\"inLanguage\":\"ca\",\"@id\":\"https:\\\/\\\/cieib.es\\\/#\\\/schema\\\/logo\\\/image\\\/\",\"url\":\"https:\\\/\\\/cieib.es\\\/wp-content\\\/uploads\\\/2021\\\/01\\\/fxeb@.png\",\"contentUrl\":\"https:\\\/\\\/cieib.es\\\/wp-content\\\/uploads\\\/2021\\\/01\\\/fxeb@.png\",\"width\":256,\"height\":131,\"caption\":\"Centre d'Interpretaci\u00f3 de l'Esport de les Illes Balears\"},\"image\":{\"@id\":\"https:\\\/\\\/cieib.es\\\/#\\\/schema\\\/logo\\\/image\\\/\"}},{\"@type\":\"Person\",\"@id\":\"https:\\\/\\\/cieib.es\\\/#\\\/schema\\\/person\\\/f177d25dc3224a8e482ab1bcedd3637e\",\"name\":\"Miquel dels Sants Font\",\"image\":{\"@type\":\"ImageObject\",\"inLanguage\":\"ca\",\"@id\":\"https:\\\/\\\/secure.gravatar.com\\\/avatar\\\/d7e0dab0228b574037b634f10b02c60537c4834727aefba2313b215e00337384?s=96&d=mm&r=g\",\"url\":\"https:\\\/\\\/secure.gravatar.com\\\/avatar\\\/d7e0dab0228b574037b634f10b02c60537c4834727aefba2313b215e00337384?s=96&d=mm&r=g\",\"contentUrl\":\"https:\\\/\\\/secure.gravatar.com\\\/avatar\\\/d7e0dab0228b574037b634f10b02c60537c4834727aefba2313b215e00337384?s=96&d=mm&r=g\",\"caption\":\"Miquel dels Sants Font\"},\"sameAs\":[\"http:\\\/\\\/cieib.es\"],\"url\":\"https:\\\/\\\/cieib.es\\\/?author=4\"}]}<\/script>\n<!-- \/ Yoast SEO plugin. -->","yoast_head_json":{"title":"El dia que el Zaire va jugar contra el Brasil per salvar la vida - Centre d\u2019Interpretaci\u00f3 de l\u2019Esport de les Illes Balears","robots":{"index":"index","follow":"follow","max-snippet":"max-snippet:-1","max-image-preview":"max-image-preview:large","max-video-preview":"max-video-preview:-1"},"canonical":"https:\/\/cieib.es\/?p=4201","og_locale":"ca_ES","og_type":"article","og_title":"El dia que el Zaire va jugar contra el Brasil per salvar la vida - Centre d\u2019Interpretaci\u00f3 de l\u2019Esport de les Illes Balears","og_description":"El 22 de juny de 1974, el Brasil, campi\u00f3 del m\u00f3n vigent, s\u2019enfrontava al Zaire en el darrer partit de la fase de grups del Mundial d\u2019Alemanya Occidental. Sobre el paper, era un duel desigual. Per\u00f2 aquell partit amagava una hist\u00f2ria molt m\u00e9s inquietant que qualsevol resultat futbol\u00edstic. El Zaire disputava el seu primer i,","og_url":"https:\/\/cieib.es\/?p=4201","og_site_name":"Centre d\u2019Interpretaci\u00f3 de l\u2019Esport de les Illes Balears","article_published_time":"2026-08-19T04:00:00+00:00","og_image":[{"width":1024,"height":768,"url":"https:\/\/cieib.es\/wp-content\/uploads\/2026\/08\/image-5-1024x768.png","type":"image\/png"}],"author":"Miquel dels Sants Font","twitter_card":"summary_large_image","twitter_misc":{"Escrit per":"Miquel dels Sants Font","Temps estimat de lectura":"3 minuts"},"schema":{"@context":"https:\/\/schema.org","@graph":[{"@type":"Article","@id":"https:\/\/cieib.es\/?p=4201#article","isPartOf":{"@id":"https:\/\/cieib.es\/?p=4201"},"author":{"name":"Miquel dels Sants Font","@id":"https:\/\/cieib.es\/#\/schema\/person\/f177d25dc3224a8e482ab1bcedd3637e"},"headline":"El dia que el Zaire va jugar contra el Brasil per salvar la vida","datePublished":"2026-08-19T04:00:00+00:00","mainEntityOfPage":{"@id":"https:\/\/cieib.es\/?p=4201"},"wordCount":460,"commentCount":0,"publisher":{"@id":"https:\/\/cieib.es\/#organization"},"image":{"@id":"https:\/\/cieib.es\/?p=4201#primaryimage"},"thumbnailUrl":"https:\/\/cieib.es\/wp-content\/uploads\/2026\/08\/image-5-1024x768.png","articleSection":["FUTBOL"],"inLanguage":"ca","potentialAction":[{"@type":"CommentAction","name":"Comment","target":["https:\/\/cieib.es\/?p=4201#respond"]}]},{"@type":"WebPage","@id":"https:\/\/cieib.es\/?p=4201","url":"https:\/\/cieib.es\/?p=4201","name":"El dia que el Zaire va jugar contra el Brasil per salvar la vida - Centre d\u2019Interpretaci\u00f3 de l\u2019Esport de les Illes Balears","isPartOf":{"@id":"https:\/\/cieib.es\/#website"},"primaryImageOfPage":{"@id":"https:\/\/cieib.es\/?p=4201#primaryimage"},"image":{"@id":"https:\/\/cieib.es\/?p=4201#primaryimage"},"thumbnailUrl":"https:\/\/cieib.es\/wp-content\/uploads\/2026\/08\/image-5-1024x768.png","datePublished":"2026-08-19T04:00:00+00:00","breadcrumb":{"@id":"https:\/\/cieib.es\/?p=4201#breadcrumb"},"inLanguage":"ca","potentialAction":[{"@type":"ReadAction","target":["https:\/\/cieib.es\/?p=4201"]}]},{"@type":"ImageObject","inLanguage":"ca","@id":"https:\/\/cieib.es\/?p=4201#primaryimage","url":"https:\/\/cieib.es\/wp-content\/uploads\/2026\/08\/image-5.png","contentUrl":"https:\/\/cieib.es\/wp-content\/uploads\/2026\/08\/image-5.png","width":1960,"height":1470},{"@type":"BreadcrumbList","@id":"https:\/\/cieib.es\/?p=4201#breadcrumb","itemListElement":[{"@type":"ListItem","position":1,"name":"Portada","item":"https:\/\/cieib.es\/"},{"@type":"ListItem","position":2,"name":"El dia que el Zaire va jugar contra el Brasil per salvar la vida"}]},{"@type":"WebSite","@id":"https:\/\/cieib.es\/#website","url":"https:\/\/cieib.es\/","name":"Centre d\u2019Interpretaci\u00f3 de l\u2019Esport de les Illes Balears","description":"","publisher":{"@id":"https:\/\/cieib.es\/#organization"},"potentialAction":[{"@type":"SearchAction","target":{"@type":"EntryPoint","urlTemplate":"https:\/\/cieib.es\/?s={search_term_string}"},"query-input":{"@type":"PropertyValueSpecification","valueRequired":true,"valueName":"search_term_string"}}],"inLanguage":"ca"},{"@type":"Organization","@id":"https:\/\/cieib.es\/#organization","name":"Centre d'Interpretaci\u00f3 de l'Esport de les Illes Balears","url":"https:\/\/cieib.es\/","logo":{"@type":"ImageObject","inLanguage":"ca","@id":"https:\/\/cieib.es\/#\/schema\/logo\/image\/","url":"https:\/\/cieib.es\/wp-content\/uploads\/2021\/01\/fxeb@.png","contentUrl":"https:\/\/cieib.es\/wp-content\/uploads\/2021\/01\/fxeb@.png","width":256,"height":131,"caption":"Centre d'Interpretaci\u00f3 de l'Esport de les Illes Balears"},"image":{"@id":"https:\/\/cieib.es\/#\/schema\/logo\/image\/"}},{"@type":"Person","@id":"https:\/\/cieib.es\/#\/schema\/person\/f177d25dc3224a8e482ab1bcedd3637e","name":"Miquel dels Sants Font","image":{"@type":"ImageObject","inLanguage":"ca","@id":"https:\/\/secure.gravatar.com\/avatar\/d7e0dab0228b574037b634f10b02c60537c4834727aefba2313b215e00337384?s=96&d=mm&r=g","url":"https:\/\/secure.gravatar.com\/avatar\/d7e0dab0228b574037b634f10b02c60537c4834727aefba2313b215e00337384?s=96&d=mm&r=g","contentUrl":"https:\/\/secure.gravatar.com\/avatar\/d7e0dab0228b574037b634f10b02c60537c4834727aefba2313b215e00337384?s=96&d=mm&r=g","caption":"Miquel dels Sants Font"},"sameAs":["http:\/\/cieib.es"],"url":"https:\/\/cieib.es\/?author=4"}]}},"_links":{"self":[{"href":"https:\/\/cieib.es\/index.php?rest_route=\/wp\/v2\/posts\/4201","targetHints":{"allow":["GET"]}}],"collection":[{"href":"https:\/\/cieib.es\/index.php?rest_route=\/wp\/v2\/posts"}],"about":[{"href":"https:\/\/cieib.es\/index.php?rest_route=\/wp\/v2\/types\/post"}],"author":[{"embeddable":true,"href":"https:\/\/cieib.es\/index.php?rest_route=\/wp\/v2\/users\/4"}],"replies":[{"embeddable":true,"href":"https:\/\/cieib.es\/index.php?rest_route=%2Fwp%2Fv2%2Fcomments&post=4201"}],"version-history":[{"count":1,"href":"https:\/\/cieib.es\/index.php?rest_route=\/wp\/v2\/posts\/4201\/revisions"}],"predecessor-version":[{"id":4207,"href":"https:\/\/cieib.es\/index.php?rest_route=\/wp\/v2\/posts\/4201\/revisions\/4207"}],"wp:attachment":[{"href":"https:\/\/cieib.es\/index.php?rest_route=%2Fwp%2Fv2%2Fmedia&parent=4201"}],"wp:term":[{"taxonomy":"category","embeddable":true,"href":"https:\/\/cieib.es\/index.php?rest_route=%2Fwp%2Fv2%2Fcategories&post=4201"},{"taxonomy":"post_tag","embeddable":true,"href":"https:\/\/cieib.es\/index.php?rest_route=%2Fwp%2Fv2%2Ftags&post=4201"}],"curies":[{"name":"wp","href":"https:\/\/api.w.org\/{rel}","templated":true}]}}